{"id":81,"date":"2023-12-11T15:27:58","date_gmt":"2023-12-11T14:27:58","guid":{"rendered":"https:\/\/vielklang.org\/?p=81"},"modified":"2023-12-11T15:27:58","modified_gmt":"2023-12-11T14:27:58","slug":"werner-matzke-kunstl-leiter","status":"publish","type":"post","link":"https:\/\/vielklang.org\/en\/werner-matzke-kunstl-leiter\/","title":{"rendered":"Werner Matzke k\u00fcnstl. Leiter"},"content":{"rendered":"\n<p>Prof. Werner Matzke hat zugestimmt, auch 2024 wieder die k\u00fcnstlerische Leistung der vielklang Meisterklassen zu \u00fcbernehmen.<\/p>\n\n\n\n<p>Werner Matzke geh\u00f6rt zu den profilierten Continuo-Cellisten unserer Zeit und pr\u00e4gt eine ganze Generation als Lehrer und Musiker<\/p>\n","protected":false},"excerpt":{"rendered":"<p>Prof. Werner Matzke hat zugestimmt, auch 2024 wieder die k\u00fcnstlerische Leistung der vielklang Meisterklassen zu \u00fcbernehmen. Werner Matzke geh\u00f6rt zu den profilierten Continuo-Cellisten unserer Zeit und pr\u00e4gt eine ganze Generation als Lehrer und Musiker<\/p>\n","protected":false},"author":2,"featured_media":82,"comment_status":"open","ping_status":"open","sticky":false,"template":"","format":"standard","meta":{"_acf_changed":false,"inline_featured_image":false,"footnotes":""},"categories":[5],"tags":[],"class_list":["post-81","post","type-post","status-publish","format-standard","has-post-thumbnail","hentry","category-mk"],"acf":[],"_links":{"self":[{"href":"https:\/\/vielklang.org\/en\/wp-json\/wp\/v2\/posts\/81","targetHints":{"allow":["GET"]}}],"collection":[{"href":"https:\/\/vielklang.org\/en\/wp-json\/wp\/v2\/posts"}],"about":[{"href":"https:\/\/vielklang.org\/en\/wp-json\/wp\/v2\/types\/post"}],"author":[{"embeddable":true,"href":"https:\/\/vielklang.org\/en\/wp-json\/wp\/v2\/users\/2"}],"replies":[{"embeddable":true,"href":"https:\/\/vielklang.org\/en\/wp-json\/wp\/v2\/comments?post=81"}],"version-history":[{"count":1,"href":"https:\/\/vielklang.org\/en\/wp-json\/wp\/v2\/posts\/81\/revisions"}],"predecessor-version":[{"id":83,"href":"https:\/\/vielklang.org\/en\/wp-json\/wp\/v2\/posts\/81\/revisions\/83"}],"wp:featuredmedia":[{"embeddable":true,"href":"https:\/\/vielklang.org\/en\/wp-json\/wp\/v2\/media\/82"}],"wp:attachment":[{"href":"https:\/\/vielklang.org\/en\/wp-json\/wp\/v2\/media?parent=81"}],"wp:term":[{"taxonomy":"category","embeddable":true,"href":"https:\/\/vielklang.org\/en\/wp-json\/wp\/v2\/categories?post=81"},{"taxonomy":"post_tag","embeddable":true,"href":"https:\/\/vielklang.org\/en\/wp-json\/wp\/v2\/tags?post=81"}],"curies":[{"name":"wp","href":"https:\/\/api.w.org\/{rel}","templated":true}]}}