{"id":85,"date":"2023-12-11T15:32:07","date_gmt":"2023-12-11T14:32:07","guid":{"rendered":"https:\/\/vielklang.org\/?p=85"},"modified":"2023-12-11T15:32:07","modified_gmt":"2023-12-11T14:32:07","slug":"christine-schornsheim-beim-vielklang","status":"publish","type":"post","link":"https:\/\/vielklang.org\/en\/christine-schornsheim-beim-vielklang\/","title":{"rendered":"Christine Schornsheim beim vielklang"},"content":{"rendered":"\n<p>Prof. Christine Schornsheim wird auch 2024 wieder als Dozentin f\u00fcr Tasteninstrumente bei den Meisterklassen der vielklang Akademie dabei sein. <\/p>\n\n\n\n<p>Christine Schornsheim z\u00e4hlt zu den international anerkannten Spezialisten auf dem Gebiet der Alten Musik und ist als Solistin am Cembalo und Hammerfl\u00fcgel gleicherma\u00dfen gefragt wie als musikalische Partnerin. Als Professorin pr\u00e4gt sie eine ganze Generation an aufstrebenden Cembalisten.<\/p>\n","protected":false},"excerpt":{"rendered":"<p>Prof. Christine Schornsheim wird auch 2024 wieder als Dozentin f\u00fcr Tasteninstrumente bei den Meisterklassen der vielklang Akademie dabei sein. Christine Schornsheim z\u00e4hlt zu den international anerkannten Spezialisten auf dem Gebiet der Alten Musik und ist als Solistin am Cembalo und Hammerfl\u00fcgel gleicherma\u00dfen gefragt wie als musikalische Partnerin. Als Professorin pr\u00e4gt sie eine ganze Generation an [&hellip;]<\/p>\n","protected":false},"author":2,"featured_media":86,"comment_status":"open","ping_status":"open","sticky":false,"template":"","format":"standard","meta":{"_acf_changed":false,"inline_featured_image":false,"footnotes":""},"categories":[5],"tags":[],"class_list":["post-85","post","type-post","status-publish","format-standard","has-post-thumbnail","hentry","category-mk"],"acf":[],"_links":{"self":[{"href":"https:\/\/vielklang.org\/en\/wp-json\/wp\/v2\/posts\/85","targetHints":{"allow":["GET"]}}],"collection":[{"href":"https:\/\/vielklang.org\/en\/wp-json\/wp\/v2\/posts"}],"about":[{"href":"https:\/\/vielklang.org\/en\/wp-json\/wp\/v2\/types\/post"}],"author":[{"embeddable":true,"href":"https:\/\/vielklang.org\/en\/wp-json\/wp\/v2\/users\/2"}],"replies":[{"embeddable":true,"href":"https:\/\/vielklang.org\/en\/wp-json\/wp\/v2\/comments?post=85"}],"version-history":[{"count":1,"href":"https:\/\/vielklang.org\/en\/wp-json\/wp\/v2\/posts\/85\/revisions"}],"predecessor-version":[{"id":87,"href":"https:\/\/vielklang.org\/en\/wp-json\/wp\/v2\/posts\/85\/revisions\/87"}],"wp:featuredmedia":[{"embeddable":true,"href":"https:\/\/vielklang.org\/en\/wp-json\/wp\/v2\/media\/86"}],"wp:attachment":[{"href":"https:\/\/vielklang.org\/en\/wp-json\/wp\/v2\/media?parent=85"}],"wp:term":[{"taxonomy":"category","embeddable":true,"href":"https:\/\/vielklang.org\/en\/wp-json\/wp\/v2\/categories?post=85"},{"taxonomy":"post_tag","embeddable":true,"href":"https:\/\/vielklang.org\/en\/wp-json\/wp\/v2\/tags?post=85"}],"curies":[{"name":"wp","href":"https:\/\/api.w.org\/{rel}","templated":true}]}}